{"id":661,"date":"2016-10-21T06:45:04","date_gmt":"2016-10-21T06:45:04","guid":{"rendered":"http:\/\/2016.bjf.rs\/en\/?p=661"},"modified":"2017-06-06T08:03:40","modified_gmt":"2017-06-06T08:03:40","slug":"tineke-postma-svako-ima-jednistven-zvuk-i-to-je-ono-sto-cini-dzez-prelepim","status":"publish","type":"post","link":"http:\/\/2016.bjf.rs\/en\/tineke-postma-svako-ima-jednistven-zvuk-i-to-je-ono-sto-cini-dzez-prelepim\/","title":{"rendered":"TINEKE POSTMA: &#8220;SVAKO IMA JEDINSTVEN ZVUK I TO JE ONO \u0160TO \u010cINI D\u017dEZ PRELEPIM."},"content":{"rendered":"<p class=\"qtranxs-available-languages-message qtranxs-available-languages-message-en\">Sorry, this entry is only available in <a href=\"http:\/\/2016.bjf.rs\/sr\/wp-json\/wp\/v2\/posts\/661\" class=\"qtranxs-available-language-link qtranxs-available-language-link-sr\" title=\"Srpski\">Serbian<\/a>.<\/p>","protected":false},"excerpt":{"rendered":"<p>Sorry, this entry is only available in Serbian.<\/p>\n","protected":false},"author":1,"featured_media":754,"comment_status":"closed","ping_status":"open","sticky":false,"template":"","format":"standard","meta":[],"categories":[1],"tags":[],"_links":{"self":[{"href":"http:\/\/2016.bjf.rs\/en\/wp-json\/wp\/v2\/posts\/661"}],"collection":[{"href":"http:\/\/2016.bjf.rs\/en\/wp-json\/wp\/v2\/posts"}],"about":[{"href":"http:\/\/2016.bjf.rs\/en\/wp-json\/wp\/v2\/types\/post"}],"author":[{"embeddable":true,"href":"http:\/\/2016.bjf.rs\/en\/wp-json\/wp\/v2\/users\/1"}],"replies":[{"embeddable":true,"href":"http:\/\/2016.bjf.rs\/en\/wp-json\/wp\/v2\/comments?post=661"}],"version-history":[{"count":3,"href":"http:\/\/2016.bjf.rs\/en\/wp-json\/wp\/v2\/posts\/661\/revisions"}],"predecessor-version":[{"id":755,"href":"http:\/\/2016.bjf.rs\/en\/wp-json\/wp\/v2\/posts\/661\/revisions\/755"}],"wp:featuredmedia":[{"embeddable":true,"href":"http:\/\/2016.bjf.rs\/en\/wp-json\/wp\/v2\/media\/754"}],"wp:attachment":[{"href":"http:\/\/2016.bjf.rs\/en\/wp-json\/wp\/v2\/media?parent=661"}],"wp:term":[{"taxonomy":"category","embeddable":true,"href":"http:\/\/2016.bjf.rs\/en\/wp-json\/wp\/v2\/categories?post=661"},{"taxonomy":"post_tag","embeddable":true,"href":"http:\/\/2016.bjf.rs\/en\/wp-json\/wp\/v2\/tags?post=661"}],"curies":[{"name":"wp","href":"https:\/\/api.w.org\/{rel}","templated":true}]}}